{"id":1073,"date":"2019-02-04T13:30:50","date_gmt":"2019-02-04T12:30:50","guid":{"rendered":"https:\/\/sv.ostschule.de\/web\/?p=1073"},"modified":"2019-03-10T10:54:00","modified_gmt":"2019-03-10T09:54:00","slug":"ssr-neuwahl","status":"publish","type":"post","link":"https:\/\/sv.ostschule.de\/web\/post\/ssr-neuwahl\/","title":{"rendered":"SSR-Neuwahl"},"content":{"rendered":"\n<p>Nachdem der amtierende Stadtschulsprecher, Martin Klein, wegen familieren Gr\u00fcnden zur\u00fcckgetreten ist, wurde ein neuer Stadtschulsprecher Gew\u00e4hlt.<\/p>\n\n\n\n<!--more-->\n\n\n\n<div class=\"wp-block-media-text alignwide\" style=\"grid-template-columns:25% auto\"><figure class=\"wp-block-media-text__media\"><img loading=\"lazy\" decoding=\"async\" width=\"1024\" height=\"1024\" src=\"https:\/\/sv.ostschule.de\/web\/wp-content\/uploads\/2019\/02\/IMG_0679-1024x1024.jpg\" alt=\"\" class=\"wp-image-1079\" srcset=\"https:\/\/sv.ostschule.de\/web\/wp-content\/uploads\/2019\/02\/IMG_0679-1024x1024.jpg 1024w, https:\/\/sv.ostschule.de\/web\/wp-content\/uploads\/2019\/02\/IMG_0679-150x150.jpg 150w, https:\/\/sv.ostschule.de\/web\/wp-content\/uploads\/2019\/02\/IMG_0679-300x300.jpg 300w, https:\/\/sv.ostschule.de\/web\/wp-content\/uploads\/2019\/02\/IMG_0679-768x768.jpg 768w, https:\/\/sv.ostschule.de\/web\/wp-content\/uploads\/2019\/02\/IMG_0679-100x100.jpg 100w\" sizes=\"auto, (max-width: 767px) 89vw, (max-width: 1000px) 54vw, (max-width: 1071px) 543px, 580px\" \/><\/figure><div class=\"wp-block-media-text__content\">\n<p>Stergios Sovolos, der ehemalige stellvertretende Stadtschulsprecher,  gewann die Wahl und ist somit jetzt Stadtschulsprecher der Stadt  Giessen. <\/p>\n<\/div><\/div>\n\n\n\n<div style=\"height:20px\" aria-hidden=\"true\" class=\"wp-block-spacer\"><\/div>\n\n\n\n<p>Da Stergios Vertreter war, musste auch ein neuer Stellvertreter gew\u00e4hlt werden. Diese Wahl hat Janina Gerhardt gewonnen.<\/p>\n\n\n\n<p>Die neuesten Infos des Stadtsch\u00fclerrates k\u00f6nnt ihr unter <a href=\"http:\/\/ssr-giessen.de\">ssr-giessen.de<\/a> nachlesen.<\/p>\n","protected":false},"excerpt":{"rendered":"<p>Nachdem der amtierende Stadtschulsprecher, Martin Klein, wegen familieren Gr\u00fcnden zur\u00fcckgetreten ist, wurde ein neuer Stadtschulsprecher Gew\u00e4hlt.<\/p>\n","protected":false},"author":2,"featured_media":1074,"comment_status":"closed","ping_status":"closed","sticky":false,"template":"","format":"standard","meta":{"footnotes":""},"categories":[15,24],"tags":[],"class_list":["post-1073","post","type-post","status-publish","format-standard","has-post-thumbnail","hentry","category-ssr","category-wahlen"],"_links":{"self":[{"href":"https:\/\/sv.ostschule.de\/web\/wp-json\/wp\/v2\/posts\/1073","targetHints":{"allow":["GET"]}}],"collection":[{"href":"https:\/\/sv.ostschule.de\/web\/wp-json\/wp\/v2\/posts"}],"about":[{"href":"https:\/\/sv.ostschule.de\/web\/wp-json\/wp\/v2\/types\/post"}],"author":[{"embeddable":true,"href":"https:\/\/sv.ostschule.de\/web\/wp-json\/wp\/v2\/users\/2"}],"replies":[{"embeddable":true,"href":"https:\/\/sv.ostschule.de\/web\/wp-json\/wp\/v2\/comments?post=1073"}],"version-history":[{"count":5,"href":"https:\/\/sv.ostschule.de\/web\/wp-json\/wp\/v2\/posts\/1073\/revisions"}],"predecessor-version":[{"id":1197,"href":"https:\/\/sv.ostschule.de\/web\/wp-json\/wp\/v2\/posts\/1073\/revisions\/1197"}],"wp:featuredmedia":[{"embeddable":true,"href":"https:\/\/sv.ostschule.de\/web\/wp-json\/wp\/v2\/media\/1074"}],"wp:attachment":[{"href":"https:\/\/sv.ostschule.de\/web\/wp-json\/wp\/v2\/media?parent=1073"}],"wp:term":[{"taxonomy":"category","embeddable":true,"href":"https:\/\/sv.ostschule.de\/web\/wp-json\/wp\/v2\/categories?post=1073"},{"taxonomy":"post_tag","embeddable":true,"href":"https:\/\/sv.ostschule.de\/web\/wp-json\/wp\/v2\/tags?post=1073"}],"curies":[{"name":"wp","href":"https:\/\/api.w.org\/{rel}","templated":true}]}}