{"id":1855,"date":"2021-09-19T19:21:50","date_gmt":"2021-09-19T17:21:50","guid":{"rendered":"https:\/\/sv.ostschule.de\/web\/?p=1855"},"modified":"2021-09-19T20:40:29","modified_gmt":"2021-09-19T18:40:29","slug":"ablauf-der-sv-wahl","status":"publish","type":"post","link":"https:\/\/sv.ostschule.de\/web\/post\/ablauf-der-sv-wahl\/","title":{"rendered":"Ablauf der SV-Wahl"},"content":{"rendered":"\n<p>W\u00e4hle jetzt deine Vertreter:innen:<\/p>\n\n\n\n<p>morgen ist es so weit, der SV-Vorstand f\u00fcr das Schuljahr 2021\/22 wird gew\u00e4hlt. Wie letztes Jahr, werden wir auch dieses Jahr wieder online, \u00fcber IServ w\u00e4hlen.<\/p>\n\n\n\n<p>Vorher sollten sich die Sch\u00fcler:innen \u00fcber unsere Plattform <a href=\"https:\/\/wahl.ggosv.de\">wahl.ggosv.de<\/a> \u00fcber die Kandidat:innen informieren.&nbsp;<\/p>\n\n\n\n<p>Wenn das so weit geschehen ist, wird anonym, \u00fcber eine IServ-Umfrage (Auch \u00fcber <a href=\"https:\/\/wahl.ggosv.de\">wahl.ggosv.de<\/a> erreichbar) gew\u00e4hlt.<\/p>\n\n\n\n<p>Um zu verhindern, dass es, wie letztes Jahr, zum Zusammenbruch des Netzwerks an der Schule kommt, haben wir die Kurse aufgeteilt, sodass die Sch\u00fcler:innen zu unterschiedlichen Zeiten w\u00e4hlen.<br><\/p>\n\n\n\n<p>So soll die Verteilung aussehen:<\/p>\n\n\n\n<ul class=\"wp-block-list\"><li><strong>5. Klasse: 5. Stunde<\/strong> &#8211; Wahlhelfer:innen kommen in die Klasse<\/li><li><strong>6. Klasse: 6. Stunde<\/strong> &#8211; Wahlhelfer:innen kommen in die Klasse<\/li><li><strong>7. Klasse: 5. Stunde<\/strong> &#8211; Bei Fragen\/Problemen: Support<\/li><li><strong>8. Klasse: 3. Stunde<\/strong> &#8211; Bei Fragen\/Problemen: Support<\/li><li><strong>9. Klasse: 4. Stunde<\/strong> &#8211; Bei Fragen\/Problemen: Support<\/li><li><strong>10. Klasse: 3. Stunde<\/strong> &#8211; Bei Fragen\/Problemen: Support<\/li><li><strong>11. Klasse: 4. Stunde<\/strong> &#8211; Bei Fragen\/Problemen: Support<\/li><li><strong>12. Klasse: SV-Stunde (6)<\/strong> &#8211; Bei Fragen\/Problemen: Support<\/li><li><strong>13. Klasse: SV-Stunde (6)<\/strong> &#8211; Bei Fragen\/Problemen: Support<\/li><\/ul>\n\n\n\n<div class=\"wp-block-group has-light-green-cyan-background-color has-very-dark-gray-color has-text-color has-background\"><div class=\"wp-block-group__inner-container is-layout-flow wp-block-group-is-layout-flow\">\n<h2 class=\"has-very-dark-gray-color has-text-color wp-block-heading\">Support:<\/h2>\n\n\n\n<p>&nbsp;&nbsp;&nbsp; Telefon: <a href=\"tel:01604308509\">01604308509<\/a><br>&nbsp;&nbsp;&nbsp; eMail: <a href=\"mailto:wahl@ggosv.de\">wahl@ggosv.de<\/a><\/p>\n<\/div><\/div>\n\n\n\n<p>Sollten Sch\u00fcler:innen kein digitales Endger\u00e4t haben, ist das kein Problem. Einfach dem Support Bescheid geben, und wir kommen mit einem Schul-iPad vorbei.<br><\/p>\n\n\n\n<p>Ab 18 Uhr werden dann in einem Stream auf <a href=\"https:\/\/wahl.ggosv.de\/stream\">wahl.ggosv.de<\/a> die Ergebnisse verk\u00fcndet.<\/p>\n\n\n\n<p>Fragen? &#8211;&gt; Support<\/p>\n","protected":false},"excerpt":{"rendered":"<p>W\u00e4hle jetzt deine Vertreter:innen: morgen ist es so weit, der SV-Vorstand f\u00fcr das Schuljahr 2021\/22 wird gew\u00e4hlt. Wie letztes Jahr, werden wir auch dieses Jahr wieder online, \u00fcber IServ w\u00e4hlen. &hellip; <\/p>\n<p class=\"link-more\"><a href=\"https:\/\/sv.ostschule.de\/web\/post\/ablauf-der-sv-wahl\/\" class=\"more-link\"><span class=\"screen-reader-text\">\u201eAblauf der SV-Wahl\u201c<\/span> weiterlesen<\/a><\/p>\n","protected":false},"author":2,"featured_media":0,"comment_status":"closed","ping_status":"closed","sticky":false,"template":"","format":"standard","meta":{"footnotes":""},"categories":[25],"tags":[],"class_list":["post-1855","post","type-post","status-publish","format-standard","hentry","category-info"],"_links":{"self":[{"href":"https:\/\/sv.ostschule.de\/web\/wp-json\/wp\/v2\/posts\/1855","targetHints":{"allow":["GET"]}}],"collection":[{"href":"https:\/\/sv.ostschule.de\/web\/wp-json\/wp\/v2\/posts"}],"about":[{"href":"https:\/\/sv.ostschule.de\/web\/wp-json\/wp\/v2\/types\/post"}],"author":[{"embeddable":true,"href":"https:\/\/sv.ostschule.de\/web\/wp-json\/wp\/v2\/users\/2"}],"replies":[{"embeddable":true,"href":"https:\/\/sv.ostschule.de\/web\/wp-json\/wp\/v2\/comments?post=1855"}],"version-history":[{"count":4,"href":"https:\/\/sv.ostschule.de\/web\/wp-json\/wp\/v2\/posts\/1855\/revisions"}],"predecessor-version":[{"id":1859,"href":"https:\/\/sv.ostschule.de\/web\/wp-json\/wp\/v2\/posts\/1855\/revisions\/1859"}],"wp:attachment":[{"href":"https:\/\/sv.ostschule.de\/web\/wp-json\/wp\/v2\/media?parent=1855"}],"wp:term":[{"taxonomy":"category","embeddable":true,"href":"https:\/\/sv.ostschule.de\/web\/wp-json\/wp\/v2\/categories?post=1855"},{"taxonomy":"post_tag","embeddable":true,"href":"https:\/\/sv.ostschule.de\/web\/wp-json\/wp\/v2\/tags?post=1855"}],"curies":[{"name":"wp","href":"https:\/\/api.w.org\/{rel}","templated":true}]}}