{"id":1862,"date":"2021-09-21T22:03:27","date_gmt":"2021-09-21T20:03:27","guid":{"rendered":"https:\/\/sv.ostschule.de\/web\/?p=1862"},"modified":"2021-09-21T22:03:27","modified_gmt":"2021-09-21T20:03:27","slug":"fff-demo-am-24-9","status":"publish","type":"post","link":"https:\/\/sv.ostschule.de\/web\/post\/fff-demo-am-24-9\/","title":{"rendered":"FFF-Demo am 24.9."},"content":{"rendered":"\n<div class=\"wp-block-group has-very-dark-gray-color has-text-color has-background\" style=\"background-color:#13593c\"><div class=\"wp-block-group__inner-container is-layout-flow wp-block-group-is-layout-flow\">\n<h3 class=\"has-very-light-gray-color has-text-color wp-block-heading\">DIESEN FREITAG<\/h3>\n\n\n\n<h2 class=\"has-very-light-gray-color has-text-color wp-block-heading\">12:05 Ostschule (Osthalle)<\/h2>\n<\/div><\/div>\n\n\n\n<p>Diesen Freitag findet ein gro\u00dfer Klimastreik mit anschlie\u00dfender Podiumsdiskussion statt.<\/p>\n\n\n\n<p>Mit Unterschrift der Eltern k\u00f6nnen die Lehrer:innen das Fehlen in der 6. Stunde auch entschuldigen.<\/p>\n\n\n\n<p>Bei Fragen, stehen wir euch zur Verf\u00fcgung: <a href=\"mailto:sv@ostschule.de\">sv@ostschule.de<\/a> oder <a href=\"tel:01604308509\">01604308509<\/a><\/p>\n\n\n\n<figure class=\"wp-block-image size-large\"><img loading=\"lazy\" decoding=\"async\" width=\"1024\" height=\"1024\" src=\"https:\/\/sv.ostschule.de\/web\/wp-content\/uploads\/2021\/09\/FFF2409-SVPost-1024x1024.jpg\" alt=\"\" class=\"wp-image-1863\" srcset=\"https:\/\/sv.ostschule.de\/web\/wp-content\/uploads\/2021\/09\/FFF2409-SVPost-1024x1024.jpg 1024w, https:\/\/sv.ostschule.de\/web\/wp-content\/uploads\/2021\/09\/FFF2409-SVPost-300x300.jpg 300w, https:\/\/sv.ostschule.de\/web\/wp-content\/uploads\/2021\/09\/FFF2409-SVPost-150x150.jpg 150w, https:\/\/sv.ostschule.de\/web\/wp-content\/uploads\/2021\/09\/FFF2409-SVPost-768x768.jpg 768w, https:\/\/sv.ostschule.de\/web\/wp-content\/uploads\/2021\/09\/FFF2409-SVPost-1536x1536.jpg 1536w, https:\/\/sv.ostschule.de\/web\/wp-content\/uploads\/2021\/09\/FFF2409-SVPost-2048x2048.jpg 2048w, https:\/\/sv.ostschule.de\/web\/wp-content\/uploads\/2021\/09\/FFF2409-SVPost-100x100.jpg 100w\" sizes=\"auto, (max-width: 767px) 89vw, (max-width: 1000px) 54vw, (max-width: 1071px) 543px, 580px\" \/><\/figure>\n","protected":false},"excerpt":{"rendered":"<p>DIESEN FREITAG 12:05 Ostschule (Osthalle) Diesen Freitag findet ein gro\u00dfer Klimastreik mit anschlie\u00dfender Podiumsdiskussion statt. Mit Unterschrift der Eltern k\u00f6nnen die Lehrer:innen das Fehlen in der 6. Stunde auch entschuldigen. &hellip; <\/p>\n<p class=\"link-more\"><a href=\"https:\/\/sv.ostschule.de\/web\/post\/fff-demo-am-24-9\/\" class=\"more-link\"><span class=\"screen-reader-text\">\u201eFFF-Demo am 24.9.\u201c<\/span> weiterlesen<\/a><\/p>\n","protected":false},"author":2,"featured_media":0,"comment_status":"closed","ping_status":"closed","sticky":false,"template":"","format":"standard","meta":{"footnotes":""},"categories":[25],"tags":[],"class_list":["post-1862","post","type-post","status-publish","format-standard","hentry","category-info"],"_links":{"self":[{"href":"https:\/\/sv.ostschule.de\/web\/wp-json\/wp\/v2\/posts\/1862","targetHints":{"allow":["GET"]}}],"collection":[{"href":"https:\/\/sv.ostschule.de\/web\/wp-json\/wp\/v2\/posts"}],"about":[{"href":"https:\/\/sv.ostschule.de\/web\/wp-json\/wp\/v2\/types\/post"}],"author":[{"embeddable":true,"href":"https:\/\/sv.ostschule.de\/web\/wp-json\/wp\/v2\/users\/2"}],"replies":[{"embeddable":true,"href":"https:\/\/sv.ostschule.de\/web\/wp-json\/wp\/v2\/comments?post=1862"}],"version-history":[{"count":1,"href":"https:\/\/sv.ostschule.de\/web\/wp-json\/wp\/v2\/posts\/1862\/revisions"}],"predecessor-version":[{"id":1864,"href":"https:\/\/sv.ostschule.de\/web\/wp-json\/wp\/v2\/posts\/1862\/revisions\/1864"}],"wp:attachment":[{"href":"https:\/\/sv.ostschule.de\/web\/wp-json\/wp\/v2\/media?parent=1862"}],"wp:term":[{"taxonomy":"category","embeddable":true,"href":"https:\/\/sv.ostschule.de\/web\/wp-json\/wp\/v2\/categories?post=1862"},{"taxonomy":"post_tag","embeddable":true,"href":"https:\/\/sv.ostschule.de\/web\/wp-json\/wp\/v2\/tags?post=1862"}],"curies":[{"name":"wp","href":"https:\/\/api.w.org\/{rel}","templated":true}]}}