{"id":1869,"date":"2021-10-18T11:46:40","date_gmt":"2021-10-18T09:46:40","guid":{"rendered":"https:\/\/sv.ostschule.de\/web\/?p=1869"},"modified":"2021-10-18T11:46:40","modified_gmt":"2021-10-18T09:46:40","slug":"oberstufenraum","status":"publish","type":"post","link":"https:\/\/sv.ostschule.de\/web\/post\/oberstufenraum\/","title":{"rendered":"Oberstufenraum"},"content":{"rendered":"\n<p>Der Oberstufenraum 081 im Haus B wird am 26. leider nicht zug\u00e4nglich sein, da er als Raum f\u00fcr das mobile Impfangebot ben\u00f6tigt wird.<\/p>\n\n\n\n<p>Nach und vor dem 26. kann der Raum aber normal als euer Oberstufenraum genutzt werden.<\/p>\n","protected":false},"excerpt":{"rendered":"<p>Der Oberstufenraum 081 im Haus B wird am 26. leider nicht zug\u00e4nglich sein, da er als Raum f\u00fcr das mobile Impfangebot ben\u00f6tigt wird. Nach und vor dem 26. kann der &hellip; <\/p>\n<p class=\"link-more\"><a href=\"https:\/\/sv.ostschule.de\/web\/post\/oberstufenraum\/\" class=\"more-link\"><span class=\"screen-reader-text\">\u201eOberstufenraum\u201c<\/span> weiterlesen<\/a><\/p>\n","protected":false},"author":2,"featured_media":0,"comment_status":"closed","ping_status":"closed","sticky":false,"template":"","format":"standard","meta":{"footnotes":""},"categories":[25],"tags":[],"class_list":["post-1869","post","type-post","status-publish","format-standard","hentry","category-info"],"_links":{"self":[{"href":"https:\/\/sv.ostschule.de\/web\/wp-json\/wp\/v2\/posts\/1869","targetHints":{"allow":["GET"]}}],"collection":[{"href":"https:\/\/sv.ostschule.de\/web\/wp-json\/wp\/v2\/posts"}],"about":[{"href":"https:\/\/sv.ostschule.de\/web\/wp-json\/wp\/v2\/types\/post"}],"author":[{"embeddable":true,"href":"https:\/\/sv.ostschule.de\/web\/wp-json\/wp\/v2\/users\/2"}],"replies":[{"embeddable":true,"href":"https:\/\/sv.ostschule.de\/web\/wp-json\/wp\/v2\/comments?post=1869"}],"version-history":[{"count":1,"href":"https:\/\/sv.ostschule.de\/web\/wp-json\/wp\/v2\/posts\/1869\/revisions"}],"predecessor-version":[{"id":1870,"href":"https:\/\/sv.ostschule.de\/web\/wp-json\/wp\/v2\/posts\/1869\/revisions\/1870"}],"wp:attachment":[{"href":"https:\/\/sv.ostschule.de\/web\/wp-json\/wp\/v2\/media?parent=1869"}],"wp:term":[{"taxonomy":"category","embeddable":true,"href":"https:\/\/sv.ostschule.de\/web\/wp-json\/wp\/v2\/categories?post=1869"},{"taxonomy":"post_tag","embeddable":true,"href":"https:\/\/sv.ostschule.de\/web\/wp-json\/wp\/v2\/tags?post=1869"}],"curies":[{"name":"wp","href":"https:\/\/api.w.org\/{rel}","templated":true}]}}