{"id":344,"date":"2018-05-21T13:30:05","date_gmt":"2018-05-21T11:30:05","guid":{"rendered":"http:\/\/sv.ostschule.de\/web\/?p=344"},"modified":"2018-08-26T18:23:51","modified_gmt":"2018-08-26T16:23:51","slug":"sv-seminar-2018","status":"publish","type":"post","link":"https:\/\/sv.ostschule.de\/web\/post\/sv-seminar-2018\/","title":{"rendered":"SV-Seminar 2018"},"content":{"rendered":"<p>Einige Mitglieder der SV waren von Freitag bis Samstag auf einem SV-Seminar vom <a href=\"http:\/\/www.ssr-giessen.de\/\">SSR-Gie\u00dfen<\/a> in Zusammenarbeit mit der <a href=\"https:\/\/www.lsv-hessen.de\/\">LSV<\/a> und dem <a href=\"http:\/\/www.sv-bildungswerk.de\/\">SV-Bildungswerk<\/a>. Viele neue Ideen und Motivationen sind erlernt worden. Au\u00dferdem haben wir uns mit den Grundlagen der SV besch\u00e4ftigt, aber auch mit Projektmanagement und Sch\u00fclerrechten.<!--more--><\/p>\n<p>Am Abend des ersten Tages kam noch Frau Eibelsh\u00e4user, die uns viele Infos zu, von uns vorher vorbereitete Themen gab: Bauliche Ma\u00dfnahmen; individuelles lernen; Digitalisierung und Umweltprojekte.<\/p>\n<p>Au\u00dferdem haben wir folgende Ziele genau erarbeitet:<\/p>\n<ul>\n<li>Klassensprecher Seminar<\/li>\n<li>Eigener SV-Spot<\/li>\n<li>Infoveranstaltungen<\/li>\n<li>M\u00fclltrennung<\/li>\n<li>Publicviewing<\/li>\n<\/ul>\n","protected":false},"excerpt":{"rendered":"<p>Einige Mitglieder der SV waren von Freitag bis Samstag auf einem SV-Seminar vom SSR-Gie\u00dfen in Zusammenarbeit mit der LSV und dem SV-Bildungswerk. Viele neue Ideen und Motivationen sind erlernt worden. &hellip; <\/p>\n<p class=\"link-more\"><a href=\"https:\/\/sv.ostschule.de\/web\/post\/sv-seminar-2018\/\" class=\"more-link\"><span class=\"screen-reader-text\">\u201eSV-Seminar 2018\u201c<\/span> weiterlesen<\/a><\/p>\n","protected":false},"author":2,"featured_media":368,"comment_status":"open","ping_status":"open","sticky":false,"template":"","format":"standard","meta":{"footnotes":""},"categories":[6,15,5,8],"tags":[],"class_list":["post-344","post","type-post","status-publish","format-standard","has-post-thumbnail","hentry","category-projekte","category-ssr","category-ueber-die-sv","category-was-wir-geschafft-haben"],"_links":{"self":[{"href":"https:\/\/sv.ostschule.de\/web\/wp-json\/wp\/v2\/posts\/344","targetHints":{"allow":["GET"]}}],"collection":[{"href":"https:\/\/sv.ostschule.de\/web\/wp-json\/wp\/v2\/posts"}],"about":[{"href":"https:\/\/sv.ostschule.de\/web\/wp-json\/wp\/v2\/types\/post"}],"author":[{"embeddable":true,"href":"https:\/\/sv.ostschule.de\/web\/wp-json\/wp\/v2\/users\/2"}],"replies":[{"embeddable":true,"href":"https:\/\/sv.ostschule.de\/web\/wp-json\/wp\/v2\/comments?post=344"}],"version-history":[{"count":10,"href":"https:\/\/sv.ostschule.de\/web\/wp-json\/wp\/v2\/posts\/344\/revisions"}],"predecessor-version":[{"id":562,"href":"https:\/\/sv.ostschule.de\/web\/wp-json\/wp\/v2\/posts\/344\/revisions\/562"}],"wp:featuredmedia":[{"embeddable":true,"href":"https:\/\/sv.ostschule.de\/web\/wp-json\/wp\/v2\/media\/368"}],"wp:attachment":[{"href":"https:\/\/sv.ostschule.de\/web\/wp-json\/wp\/v2\/media?parent=344"}],"wp:term":[{"taxonomy":"category","embeddable":true,"href":"https:\/\/sv.ostschule.de\/web\/wp-json\/wp\/v2\/categories?post=344"},{"taxonomy":"post_tag","embeddable":true,"href":"https:\/\/sv.ostschule.de\/web\/wp-json\/wp\/v2\/tags?post=344"}],"curies":[{"name":"wp","href":"https:\/\/api.w.org\/{rel}","templated":true}]}}